{"id":2767,"date":"2025-11-04T11:00:07","date_gmt":"2025-11-04T14:00:07","guid":{"rendered":"https:\/\/pressreleases.scielo.org\/en\/?p=2767"},"modified":"2025-11-04T11:34:35","modified_gmt":"2025-11-04T14:34:35","slug":"climate-change-impacts-the-health-of-agricultural-workers","status":"publish","type":"post","link":"https:\/\/pressreleases.scielo.org\/en\/2025\/11\/04\/climate-change-impacts-the-health-of-agricultural-workers\/","title":{"rendered":"Climate change impacts the health of agricultural workers"},"content":{"rendered":"<p><strong>Daniel Pires Bitencourt, Researcher at Fundacentro, Associate Editor of the <em>Brazilian Journal of Occupational Health<\/em> (RBSO), Florian\u00f3polis, SC, Brazil. <\/strong><\/p>\n<p><a href=\"http:\/\/pressreleases.scielo.org\/en\/wp-content\/uploads\/sites\/2\/2025\/10\/RBSO-logo.png\" target=\"_blank\" rel=\"noopener\"><img loading=\"lazy\" decoding=\"async\" class=\"alignright wp-image-2755 size-medium\" title=\"Brazilian Journal of Occupational Health logo\" src=\"http:\/\/pressreleases.scielo.org\/en\/wp-content\/uploads\/sites\/2\/2025\/10\/RBSO-logo-300x300.png\" alt=\"Brazilian Journal of Occupational Health logo\" width=\"300\" height=\"300\" srcset=\"https:\/\/pressreleases.scielo.org\/en\/wp-content\/uploads\/sites\/2\/2025\/10\/RBSO-logo-300x300.png 300w, https:\/\/pressreleases.scielo.org\/en\/wp-content\/uploads\/sites\/2\/2025\/10\/RBSO-logo-150x150.png 150w, https:\/\/pressreleases.scielo.org\/en\/wp-content\/uploads\/sites\/2\/2025\/10\/RBSO-logo.png 462w\" sizes=\"auto, (max-width: 300px) 100vw, 300px\" \/><\/a>Brazil\u2019s agribusiness sector &#8211; including agroindustry, agricultural inputs, and services &#8211; employs approximately 28.5 million people, accounting for about 26% of the national workforce, according to the Center for Advanced Studies in Applied Economics, Cepea (2025). Among them are countless Brazilians who work daily under scorching sun and heat, or in heavy rain often accompanied by strong winds and lightning. They also face extreme droughts, air pollution from wildfires, exposure to pesticides, and vector-borne diseases &#8211; conditions that, according to the International Labour Organization (2024), represent the most significant health impacts of climate change.<\/p>\n<p>Farming has never been easy\u2014but now, with new climate scenarios driven by global warming, the challenges are even greater. The essay <a href=\"https:\/\/doi.org\/10.1590\/2317-6369\/16224en2025v50eddsst12\" target=\"_blank\" rel=\"noopener\">Climate Change, Decent Work and Workers\u2019 Health in Brazil: Theoretical Considerations<\/a>\u00a0(Vol. 50, 2025), published in the Dossier Sustainable Development and Work of the <em>Brazilian Journal of Occupational Health<\/em>\/<em>Revista Brasileira de Sa\u00fade Ocupacional <\/em>(RBSO), opens the academic debate on the issue and offers key insights for tackling the problem. The study was developed through a partnership between the Brazilian Ministry of Health and the University of Nottingham, UK, led by researchers Edgar Rodr\u00edguez-Huerta, Lu\u00eds Henrique da Costa Le\u00e3o, and Todd Landman.<\/p>\n<p>The article opens with a broad overview of Brazil\u2019s agricultural landscape, emphasizing the heightened vulnerability of agricultural workers\u2014a condition shaped by historical and cultural influences. The study underscores that safeguarding the occupational health of these workers involves a wide array of protections, framing it unequivocally as \u201ca matter of human rights.\u201d The authors further argue that agricultural labor, within the human rights framework, is intrinsically linked to multiple Sustainable Development Goals (SDGs), particularly highlighting its relevance to SDG 13: \u201cClimate Action\u201d (Levy BS and Roelofs C., 2019).<\/p>\n<p>&nbsp;<\/p>\n<div id=\"attachment_2773\" style=\"width: 533px\" class=\"wp-caption aligncenter\"><a href=\"http:\/\/pressreleases.scielo.org\/en\/wp-content\/uploads\/sites\/2\/2025\/10\/Image-1-Climate-.png\" target=\"_blank\" rel=\"noopener\"><img loading=\"lazy\" decoding=\"async\" aria-describedby=\"caption-attachment-2773\" class=\"wp-image-2773\" title=\"Graph representing Multilevel connection and interrelation between human rights, decent work and workers\u2019 health. \" src=\"http:\/\/pressreleases.scielo.org\/en\/wp-content\/uploads\/sites\/2\/2025\/10\/Image-1-Climate-.png\" alt=\"Graph representing Multilevel connection and interrelation between human rights, decent work and workers\u2019 health. \" width=\"523\" height=\"278\" srcset=\"https:\/\/pressreleases.scielo.org\/en\/wp-content\/uploads\/sites\/2\/2025\/10\/Image-1-Climate-.png 883w, https:\/\/pressreleases.scielo.org\/en\/wp-content\/uploads\/sites\/2\/2025\/10\/Image-1-Climate--300x159.png 300w, https:\/\/pressreleases.scielo.org\/en\/wp-content\/uploads\/sites\/2\/2025\/10\/Image-1-Climate--768x408.png 768w\" sizes=\"auto, (max-width: 523px) 100vw, 523px\" \/><\/a><p id=\"caption-attachment-2773\" class=\"wp-caption-text\"><em>Image: <a href=\"https:\/\/doi.org\/10.1590\/2317-6369\/16224pt2025v50eddsst12\" target=\"_blank\" rel=\"noopener\">Created by the authors.<\/a><\/em><\/p><\/div>\n<p style=\"text-align: center;\"><strong>Figure 1 &#8211; Multilevel connection and interrelation between human rights, decent work and workers\u2019 health<\/strong><\/p>\n<p>&nbsp;<\/p>\n<p>While it may seem self-evident, government and society often overlook the role of workers in the process. In discussions about agriculture, the impacts of climate change are frequently framed solely in terms of production, with little attention given to the health and well-being of workers. In their essay published in RBSO in March of this year, the authors highlight the challenges, limitations, and knowledge gaps surrounding agricultural labor, worker health, and the growing influence of climate change.<\/p>\n<p>&nbsp;<\/p>\n<div id=\"attachment_2774\" style=\"width: 929px\" class=\"wp-caption aligncenter\"><a href=\"http:\/\/pressreleases.scielo.org\/en\/wp-content\/uploads\/sites\/2\/2025\/10\/Imagem-principal-MC.png\" target=\"_blank\" rel=\"noopener\"><img loading=\"lazy\" decoding=\"async\" aria-describedby=\"caption-attachment-2774\" class=\"wp-image-2774 size-full\" title=\"Black and white photograph showing a farm worker performing tasks related to planting.\" src=\"http:\/\/pressreleases.scielo.org\/en\/wp-content\/uploads\/sites\/2\/2025\/10\/Imagem-principal-MC.png\" alt=\"Black and white photograph showing a farm worker performing tasks related to planting.\" width=\"919\" height=\"612\" srcset=\"https:\/\/pressreleases.scielo.org\/en\/wp-content\/uploads\/sites\/2\/2025\/10\/Imagem-principal-MC.png 919w, https:\/\/pressreleases.scielo.org\/en\/wp-content\/uploads\/sites\/2\/2025\/10\/Imagem-principal-MC-300x200.png 300w, https:\/\/pressreleases.scielo.org\/en\/wp-content\/uploads\/sites\/2\/2025\/10\/Imagem-principal-MC-768x511.png 768w\" sizes=\"auto, (max-width: 919px) 100vw, 919px\" \/><\/a><p id=\"caption-attachment-2774\" class=\"wp-caption-text\"><em>Imagem: <a rel=\"noopener\">Via Pexels<\/a><\/em><\/p><\/div>\n<p>&nbsp;<\/p>\n<p>This groundbreaking study establishes a direct link between the health of Brazilian agricultural workers and climate change, while also proposing potential solutions to address this complex challenge. The authors emphasize that effective decision-making must encompass all stages of the process\u2014including research, surveillance, risk assessment and management, as well as policy development and regulatory action.<\/p>\n<p>One of the study\u2019s central findings highlights the profound impact of climate change on agricultural workers, particularly those already marginalized by poverty, discrimination, gender and income inequality, and limited access to essential resources. According to the authors, these intersecting vulnerabilities contribute to conditions that resemble \u201cslavery-like practices\u201d\u2014a harsh reality that, regrettably, still persists in parts of Brazil.<\/p>\n<h3>To read the article, access<\/h3>\n<p>RODR\u00cdGUEZ-HUERTA, E., LE\u00c3O, L.H.C. and LANDMAN, T. Climate change, decent work and workers\u2019 health in Brazil: theoretical considerations. <em>Revista Brasileira de Sa\u00fade Ocupacional<\/em> [online]. 2025, vol. 50, eddsst12 [viewed 4 November 2025]. <a href=\"https:\/\/doi.org\/10.1590\/2317-6369\/16224en2025v50eddsst12\" target=\"_blank\" rel=\"noopener\">https:\/\/doi.org\/10.1590\/2317-6369\/16224en2025v50eddsst12<\/a>. Available from: <a href=\"https:\/\/www.scielo.br\/j\/rbso\/a\/kKcgSbkdqgjrXr9rW9WQBKn\/\" target=\"_blank\" rel=\"noopener\">https:\/\/www.scielo.br\/j\/rbso\/a\/kKcgSbkdqgjrXr9rW9WQBKn\/<\/a><\/p>\n<h3>References<\/h3>\n<p>Ensuring safety and health at work in a changing climate. Geneva: International Labour Organization. 2024 [viewed 4 November 2025]. Available from:<a href=\"https:\/\/www.ilo.org\/publications\/ensuring-safety-and-health-work-changing-climate\" target=\"_blank\" rel=\"noopener\"> https:\/\/www.ilo.org\/publications\/ensuring-safety-and-health-work-changing-climate<\/a><\/p>\n<p>Impacts of climate change on workers&#8217; health and safety. Oxford Research Encyclopedias. 2019 [viewed 4 November 2025]. Available from: <a href=\"https:\/\/oxfordre.com\/publichealth\/view\/10.1093\/acrefore\/9780190632366.001.0001\/acrefore-9780190632366-e-39\" target=\"_blank\" rel=\"noopener\">https:\/\/oxfordre.com\/publichealth\/view\/10.1093\/acrefore\/9780190632366.001.0001\/acrefore-9780190632366-e-39<\/a><\/p>\n<h3>External links<\/h3>\n<p><a href=\"https:\/\/www.cepea.org.br\/upload\/kceditor\/files\/02%20Boletim%20%20-%20Mercado%20de%20Trabalho%20do%20Agroneg%C3%B3cio%20-%201T2025_CNA.20jun2025_rev1.pdf\">Boletim Mercado de Trabalho do Agroneg\u00f3cio Brasileiro: 1\u00ba trimestre de 2025<\/a><\/p>\n<p><a href=\"https:\/\/www.gov.br\/fundacentro\/pt-br\/centrais-de-conteudo\/pesquisa-intervencao\/mudancas-climaticas-e-seguranca-e-saude-no-trabalho\" target=\"_blank\" rel=\"noopener\">gov.br | Mudan\u00e7as clim\u00e1ticas e seguran\u00e7a e sa\u00fade no trabalho<\/a><\/p>\n<p><a href=\"http:\/\/www.scielo.br\/rbso\" target=\"_blank\" rel=\"noopener\">Revista Brasileira de Sa\u00fade Ocupacional \u2013 RBSO<\/a><\/p>\n<p><a href=\"http:\/\/www.fundacentro.gov.br\/rbso\/inicio\" target=\"_blank\" rel=\"noopener\">Revista Brasileira de Sa\u00fade Ocupacional (Fundacentro)<\/a><\/p>\n<p><a href=\"https:\/\/twitter.com\/RBSOinforma\" target=\"_blank\" rel=\"noopener\">Revista Brasileira de Sa\u00fade Ocupacional \u2013 X<\/a><\/p>\n<p><a href=\"https:\/\/www.nottingham.ac.uk\/research\/beacons-of-excellence\/rights-lab\/index.aspx\" target=\"_blank\" rel=\"noopener\">University of Nottingham &#8211; UK | China | Malaysia<\/a><\/p>\n","protected":false},"excerpt":{"rendered":"<p>We rarely stop to consider the journey our food takes &#8211; from preparing the land for planting to reaching the tables of Brazilian families. At the start of this journey there are the agricultural workers, who carry out a heavy workload and face growing challenges to their well-being, safety, and health &#8211; challenges that are being intensified by climate change. <span class=\"ellipsis\">&hellip;<\/span> <span class=\"more-link-wrap\"><a href=\"https:\/\/pressreleases.scielo.org\/en\/2025\/11\/04\/climate-change-impacts-the-health-of-agricultural-workers\/\" class=\"more-link\"><span>Read More &rarr;<\/span><\/a><\/span><\/p>\n","protected":false},"author":973,"featured_media":2774,"comment_status":"open","ping_status":"open","sticky":false,"template":"","format":"standard","meta":{"_monsterinsights_skip_tracking":false,"_monsterinsights_sitenote_active":false,"_monsterinsights_sitenote_note":"","_monsterinsights_sitenote_category":0,"footnotes":"","_links_to":"","_links_to_target":""},"categories":[12,236,235,164],"tags":[237,76],"class_list":["post-2767","post","type-post","status-publish","format-standard","has-post-thumbnail","hentry","category-press-releases","category-rbso","category-rbso-week","category-special-weeks","tag-brazilian-journal-of-occupational-health","tag-education"],"aioseo_notices":[],"_links":{"self":[{"href":"https:\/\/pressreleases.scielo.org\/en\/wp-json\/wp\/v2\/posts\/2767","targetHints":{"allow":["GET"]}}],"collection":[{"href":"https:\/\/pressreleases.scielo.org\/en\/wp-json\/wp\/v2\/posts"}],"about":[{"href":"https:\/\/pressreleases.scielo.org\/en\/wp-json\/wp\/v2\/types\/post"}],"author":[{"embeddable":true,"href":"https:\/\/pressreleases.scielo.org\/en\/wp-json\/wp\/v2\/users\/973"}],"replies":[{"embeddable":true,"href":"https:\/\/pressreleases.scielo.org\/en\/wp-json\/wp\/v2\/comments?post=2767"}],"version-history":[{"count":9,"href":"https:\/\/pressreleases.scielo.org\/en\/wp-json\/wp\/v2\/posts\/2767\/revisions"}],"predecessor-version":[{"id":2798,"href":"https:\/\/pressreleases.scielo.org\/en\/wp-json\/wp\/v2\/posts\/2767\/revisions\/2798"}],"wp:featuredmedia":[{"embeddable":true,"href":"https:\/\/pressreleases.scielo.org\/en\/wp-json\/wp\/v2\/media\/2774"}],"wp:attachment":[{"href":"https:\/\/pressreleases.scielo.org\/en\/wp-json\/wp\/v2\/media?parent=2767"}],"wp:term":[{"taxonomy":"category","embeddable":true,"href":"https:\/\/pressreleases.scielo.org\/en\/wp-json\/wp\/v2\/categories?post=2767"},{"taxonomy":"post_tag","embeddable":true,"href":"https:\/\/pressreleases.scielo.org\/en\/wp-json\/wp\/v2\/tags?post=2767"}],"curies":[{"name":"wp","href":"https:\/\/api.w.org\/{rel}","templated":true}]}}